{"id":4153,"date":"2026-01-09T20:05:14","date_gmt":"2026-01-09T19:05:14","guid":{"rendered":"https:\/\/gewohnter-wandel.de\/?p=4153"},"modified":"2026-01-09T20:07:11","modified_gmt":"2026-01-09T19:07:11","slug":"auftaktveranstaltung-der-wohnwendewerkstatt-ein-kleiner-rueckblick","status":"publish","type":"post","link":"https:\/\/gewohnter-wandel.de\/en\/journal\/auftaktveranstaltung-der-wohnwendewerkstatt-ein-kleiner-rueckblick\/","title":{"rendered":"Auftaktveranstaltung der WohnWendeWerkstatt \u2013 ein kleiner R\u00fcckblick"},"content":{"rendered":"\n<h3 class=\"wp-block-heading has-text-align-left\">Mit der Auftaktveranstaltung \u201eWohnen in Frankfurt \u2013 kritische Bestandsaufnahme und politische Perspektiven\u201c er\u00f6ffnete das Wohnlabor seine neue Vortragsreihe <em>WohnWendeWerkstatt<\/em>, die zentrale wohnungspolitische Konfliktfelder der Stadt mit sozial-\u00f6kologischen Perspektiven verbindet. Hier folgt ein kurzer R\u00fcckblick auf die erste Veranstaltung am 20. November.<\/h3>\n\n\n<div class=\"wp-block-image\">\n<figure class=\"aligncenter size-full\"><img loading=\"lazy\" decoding=\"async\" width=\"631\" height=\"480\" src=\"https:\/\/gewohnter-wandel.de\/wp-content\/uploads\/U\u0308bersicht-1.jpeg\" alt=\"\" class=\"wp-image-4158\" srcset=\"https:\/\/gewohnter-wandel.de\/wp-content\/uploads\/U\u0308bersicht-1.jpeg 631w, https:\/\/gewohnter-wandel.de\/wp-content\/uploads\/U\u0308bersicht-1-480x365.jpeg 480w\" sizes=\"auto, (max-width: 631px) 100vw, 631px\" \/><figcaption class=\"wp-element-caption\">Foto: Jan Lucas Geilen<\/figcaption><\/figure>\n<\/div>\n\n\n<p>Wie der Titel bereits erkennen l\u00e4sst, zielte der Abend darauf, eine erste Orientierung \u00fcber die gegenw\u00e4rtige Situation der Frankfurter Wohnungspolitik zu geben und damit den Rahmen f\u00fcr die kommenden Termine der Reihe abzustecken. Die gro\u00dfe Resonanz zeigte, wie dr\u00e4ngend das Thema ist: Der Raum im zweiten Obergeschoss der Dondorf Druckerei war bis auf den letzten Platz gef\u00fcllt.<\/p>\n\n\n\n<p>Auch der Veranstaltungsort selbst bot einen wichtigen thematischen Bezugspunkt. Die Reihe findet im zweiten Obergeschoss der Dondorf Druckerei in Bockenheim statt \u2013 ein Geb\u00e4ude, das heute nur deshalb erhalten und wieder nutzbar ist, weil verschiedene Initiativen sich daf\u00fcr eingesetzt haben. Besonders die Besetzung durch das <a href=\"https:\/\/www.instagram.com\/diedruckerei_ffm\/?hl=de\" target=\"_blank\" rel=\"noopener\">Kollektiv&nbsp;<em>Druckerei f\u00fcr Alle!<\/em>&nbsp;<\/a>machte den Leerstand \u00f6ffentlich sichtbar, zeigte das Nutzungspotenzial der R\u00e4ume auf und verhinderte letztlich den Abriss. Damit verweist bereits der Veranstaltungsort stellvertretend auf vergangene, gegenw\u00e4rtige und zuk\u00fcnftige K\u00e4mpfe um st\u00e4dtische R\u00e4ume, die auch die Wohnungsfrage in Frankfurt pr\u00e4gen.<\/p>\n\n\n<figure id=\"happyfiles-gallery-rvxdg8\" class=\"happyfiles-gallery\"><ul class=\"crop\" data-col=\"3\"><li class=\"item\"><figure><img loading=\"lazy\" decoding=\"async\" width=\"480\" height=\"480\" src=\"https:\/\/gewohnter-wandel.de\/wp-content\/uploads\/Mitte.jpeg\" class=\"attachment-medium size-medium\" alt=\"\" srcset=\"https:\/\/gewohnter-wandel.de\/wp-content\/uploads\/Mitte.jpeg 480w, https:\/\/gewohnter-wandel.de\/wp-content\/uploads\/Mitte-150x150.jpeg 150w\" sizes=\"auto, (max-width: 480px) 100vw, 480px\"><\/figure><\/li><li class=\"item\"><figure><img loading=\"lazy\" decoding=\"async\" width=\"480\" height=\"480\" src=\"https:\/\/gewohnter-wandel.de\/wp-content\/uploads\/Rechts.jpeg\" class=\"attachment-medium size-medium\" alt=\"\" srcset=\"https:\/\/gewohnter-wandel.de\/wp-content\/uploads\/Rechts.jpeg 480w, https:\/\/gewohnter-wandel.de\/wp-content\/uploads\/Rechts-150x150.jpeg 150w\" sizes=\"auto, (max-width: 480px) 100vw, 480px\"><\/figure><\/li><li class=\"item\"><figure><img loading=\"lazy\" decoding=\"async\" width=\"480\" height=\"480\" src=\"https:\/\/gewohnter-wandel.de\/wp-content\/uploads\/Links.jpeg\" class=\"attachment-medium size-medium\" alt=\"\" srcset=\"https:\/\/gewohnter-wandel.de\/wp-content\/uploads\/Links.jpeg 480w, https:\/\/gewohnter-wandel.de\/wp-content\/uploads\/Links-150x150.jpeg 150w\" sizes=\"auto, (max-width: 480px) 100vw, 480px\"><\/figure><\/li><\/ul><\/figure>\n\n\n<p>Fotos: Leonie Goy<\/p>\n\n\n\n<p>Der Abend begann mit einem kurzen Impuls von Sebastian Schipper, der die Entwicklung der Wohnungspolitik der vergangenen Jahrzehnte skizzierte und diese am Beispiel des Frankfurter Wohnungsmarkts veranschaulichte. Anschlie\u00dfend leitete die Moderation \u2013 Johanna Betz und Felix Wiegand \u2013 in den Hauptteil \u00fcber. Daf\u00fcr nahmen verschiedene Akteur:innen der Frankfurter Wohnungspolitik auf dem Podium Platz und stellten ihre Perspektiven vor. Zu Gast waren: Marcus Gwechenberger (Dezernent f\u00fcr Planen und Wohnen), Conny Petzold (Mieter helfen Mietern \/ Mietentscheid Frankfurt), Birgit Kasper (Netzwerk Frankfurt f\u00fcr gemeinschaftliches Wohnen), Sebastian Schipper (Stadt- und Wohnungsforscher an der Goethe Universit\u00e4t Frankfurt), Carolina L\u00f6w (Architects for Future, Frankfurt) sowie Aktivist:innen des Kollektivs&nbsp;<em> Druckerei f\u00fcr Alle!<\/em>&nbsp;und der stadtpolitischen Gruppe&nbsp;<em>Stadt f\u00fcr Alle!<\/em>.<\/p>\n\n\n\n<p>Im Anschluss verteilten sich die G\u00e4st:innen an unterschiedliche Thementische, an denen das Publikum in zwei Gespr\u00e4chsrunden selbst aktiv wurde. An einigen Tischen ging es um aktuelle wohnungspolitische Projekte in Frankfurt, an anderen um Fragen der sozial gerechten Stadtentwicklung, um Mitgestaltungsm\u00f6glichkeiten oder um denkbare Utopien und Wege dorthin. Danach kehrten die Expert:innen nochmals auf das Podium zur\u00fcck, um ihre Eindr\u00fccke und zentralen Gespr\u00e4chsergebnisse zusammenzuf\u00fchren.<\/p>\n\n\n\n<p>Den Ausklang fand der Abend bei einem offenen Barabend, der Raum f\u00fcr weitere Gespr\u00e4che und Vernetzung bot.<\/p>\n\n\n\n<p>Die kommenden Veranstaltungen der Reihe&nbsp;<em>WohnWendeWerkstatt<\/em>&nbsp;kn\u00fcpfen daran an und vertiefen zentrale Fragen der Frankfurter Wohnungspolitik. Alle Veranstaltungen sind \u00f6ffentlich und kostenlos zug\u00e4nglich. Weitere Informationen und Termine finden Sie <a href=\"https:\/\/gewohnter-wandel.de\/wohnlabor\/\">hier<\/a>.<\/p>\n","protected":false},"excerpt":{"rendered":"<p>Mit der Auftaktveranstaltung \u201eWohnen in Frankfurt \u2013 kritische Bestandsaufnahme und politische Perspektiven\u201c er\u00f6ffnete das Wohnlabor seine neue Vortragsreihe WohnWendeWerkstatt, die zentrale wohnungspolitische Konfliktfelder der Stadt mit sozial-\u00f6kologischen Perspektiven verbindet. Hier folgt ein kurzer R\u00fcckblick auf die erste Veranstaltung am 20. November. Wie der Titel bereits erkennen l\u00e4sst, zielte der Abend darauf, eine erste Orientierung \u00fcber [&hellip;]<\/p>\n","protected":false},"author":3,"featured_media":4158,"comment_status":"closed","ping_status":"closed","sticky":false,"template":"","format":"standard","meta":{"_acf_changed":false,"footnotes":""},"categories":[1,171],"tags":[189,191,173,178,192,190],"class_list":["post-4153","post","type-post","status-publish","format-standard","has-post-thumbnail","hentry","category-allgemein","category-diskussion","tag-frankfurt","tag-leerstand","tag-mietpreis","tag-sozialer-wohnungsbau","tag-stadtentwicklung","tag-wohnungspolitik"],"acf":[],"_links":{"self":[{"href":"https:\/\/gewohnter-wandel.de\/en\/wp-json\/wp\/v2\/posts\/4153","targetHints":{"allow":["GET"]}}],"collection":[{"href":"https:\/\/gewohnter-wandel.de\/en\/wp-json\/wp\/v2\/posts"}],"about":[{"href":"https:\/\/gewohnter-wandel.de\/en\/wp-json\/wp\/v2\/types\/post"}],"author":[{"embeddable":true,"href":"https:\/\/gewohnter-wandel.de\/en\/wp-json\/wp\/v2\/users\/3"}],"replies":[{"embeddable":true,"href":"https:\/\/gewohnter-wandel.de\/en\/wp-json\/wp\/v2\/comments?post=4153"}],"version-history":[{"count":0,"href":"https:\/\/gewohnter-wandel.de\/en\/wp-json\/wp\/v2\/posts\/4153\/revisions"}],"wp:featuredmedia":[{"embeddable":true,"href":"https:\/\/gewohnter-wandel.de\/en\/wp-json\/wp\/v2\/media\/4158"}],"wp:attachment":[{"href":"https:\/\/gewohnter-wandel.de\/en\/wp-json\/wp\/v2\/media?parent=4153"}],"wp:term":[{"taxonomy":"category","embeddable":true,"href":"https:\/\/gewohnter-wandel.de\/en\/wp-json\/wp\/v2\/categories?post=4153"},{"taxonomy":"post_tag","embeddable":true,"href":"https:\/\/gewohnter-wandel.de\/en\/wp-json\/wp\/v2\/tags?post=4153"}],"curies":[{"name":"wp","href":"https:\/\/api.w.org\/{rel}","templated":true}]}}